{"id":10325,"date":"2024-05-07T10:42:05","date_gmt":"2024-05-07T08:42:05","guid":{"rendered":"https:\/\/herito.pl\/?p=10325"},"modified":"2024-05-07T10:42:07","modified_gmt":"2024-05-07T08:42:07","slug":"call-for-papers-preserving-memory-holocaust-monuments-and-memorials-in-central-europe-prague-17-18-september-2024","status":"publish","type":"post","link":"https:\/\/herito.pl\/en\/ahice-en\/call-for-papers-preserving-memory-holocaust-monuments-and-memorials-in-central-europe-prague-17-18-september-2024\/","title":{"rendered":"Call for Papers: &#8220;Preserving Memory. Holocaust Monuments and Memorials in Central Europe&#8221; (Prague, 17\u201318 September 2024)"},"content":{"rendered":"<section class=\"txtblock wow fadeIn\" data-wow-delay=\"0.2s\">\r\n    <div class=\"container\">\r\n        <div class=\"row\">\r\n            <div class=\"col-xl-8 offset-xl-2 col-lg-10 offset-lg-1\">\r\n        <h1 class=\"wow fadeInUp\" data-wow-delay=\"0.2s\">Art and Heritage in Central Europe<\/h1>            <div class=\"txt wow fadeInUp\" data-wow-delay=\"0.3s\"><p>Call for Papers is now open for the international conference &#8220;Preserving Memory. Holocaust Monuments and Memorials in Central Europe&#8221;. The conference will focus on the expert evaluation of the topic of Holocaust monuments and memorials in Central Europe. The aim of the meeting is to present the historical, political, social and art historical circumstances of the creation of these often neglected works and their theoretical starting points, as well as the subsequent reception of Holocaust monuments and memorials.<\/p>\n<p>The conference is organised by the Institute of Art History of the Czech Academy of Sciences in cooperation with the National Heritage Institute (Czech Republic) and the Center for Jewish Art at the Hebrew University of Jerusalem (Israel).<\/p>\n<p>The organisers invite submissions from those interested in active participation in the form of a proposal (the title of the contribution and a brief r\u00e9sum\u00e9 \u2013 max. 800 characters) by 31 May 2024 at the latest to the address: janacova@udu.cas.cz (Eva Jan\u00e1\u010dov\u00e1, Institute of Art History, Czech Academy of Sciences). Additional information can be obtained from the same address. The length of the contribution should not be more than 15 minutes; the conference language is English.<\/p>\n<p>The conference to be held in Prague on 17\u201318 September 2024 will be the result of research undertaken as part of the project &#8220;Preserving Memory. Post-war Reflection on the Holocaust in Monuments and Fine Art&#8221;, No. DH23P03OVV014, supported by the &#8216;NAKI III&#8217; program of the Ministry of Culture of the Czech Republic (2023\u20132027).<\/p>\n<p>Read more: <a href=\"https:\/\/www.udu.cas.cz\/archiv\/content_cz\/cfp_eva_preseving_memory.pdf\" target=\"_blank\" rel=\"noopener\">https:\/\/www.udu.cas.cz\/archiv\/content_cz\/cfp_eva_preseving_memory.pdf<\/a><\/p>\n<\/div>\r\n\r\n        <\/div>\r\n      <\/div>\r\n    <\/div>\r\n<\/section>\r\n","protected":false},"excerpt":{"rendered":"","protected":false},"author":10,"featured_media":10326,"comment_status":"closed","ping_status":"closed","sticky":false,"template":"","format":"standard","meta":{"_acf_changed":false,"inline_featured_image":false,"footnotes":""},"categories":[684,64],"tags":[685,974,697,885,110,108],"class_list":["post-10325","post","type-post","status-publish","format-standard","has-post-thumbnail","hentry","category-ahice-en","category-conferences","tag-ahice","tag-central-europe-en-2","tag-cfp","tag-conference-2","tag-czechia","tag-prague"],"acf":[],"yoast_head":"<!-- This site is optimized with the Yoast SEO plugin v27.2 - https:\/\/yoast.com\/product\/yoast-seo-wordpress\/ -->\n<title>Call for Papers: &quot;Preserving Memory. Holocaust Monuments and Memorials in Central Europe&quot; (Prague, 17\u201318 September 2024) - herito<\/title>\n<meta name=\"description\" content=\"The conference is organised by the Institute of Art History of the Czech Academy of Sciences in cooperation with the National Heritage Institute (Czech Republic) and the Center for Jewish Art at the Hebrew University of Jerusalem (Israel).\" \/>\n<meta name=\"robots\" content=\"index, follow, max-snippet:-1, max-image-preview:large, max-video-preview:-1\" \/>\n<link rel=\"canonical\" href=\"https:\/\/herito.pl\/en\/ahice-en\/call-for-papers-preserving-memory-holocaust-monuments-and-memorials-in-central-europe-prague-17-18-september-2024\/\" \/>\n<meta property=\"og:locale\" content=\"en_US\" \/>\n<meta property=\"og:type\" content=\"article\" \/>\n<meta property=\"og:title\" content=\"Call for Papers: &quot;Preserving Memory. Holocaust Monuments and Memorials in Central Europe&quot; (Prague, 17\u201318 September 2024) - herito\" \/>\n<meta property=\"og:description\" content=\"The conference is organised by the Institute of Art History of the Czech Academy of Sciences in cooperation with the National Heritage Institute (Czech Republic) and the Center for Jewish Art at the Hebrew University of Jerusalem (Israel).\" \/>\n<meta property=\"og:url\" content=\"https:\/\/herito.pl\/en\/ahice-en\/call-for-papers-preserving-memory-holocaust-monuments-and-memorials-in-central-europe-prague-17-18-september-2024\/\" \/>\n<meta property=\"og:site_name\" content=\"herito\" \/>\n<meta property=\"article:published_time\" content=\"2024-05-07T08:42:05+00:00\" \/>\n<meta property=\"article:modified_time\" content=\"2024-05-07T08:42:07+00:00\" \/>\n<meta property=\"og:image\" content=\"https:\/\/herito.pl\/wp-content\/uploads\/2024\/05\/748.jpg\" \/>\n\t<meta property=\"og:image:width\" content=\"1077\" \/>\n\t<meta property=\"og:image:height\" content=\"1073\" \/>\n\t<meta property=\"og:image:type\" content=\"image\/jpeg\" \/>\n<meta name=\"author\" content=\"Magdalena \u0141anuszka\" \/>\n<meta name=\"twitter:card\" content=\"summary_large_image\" \/>\n<meta name=\"twitter:label1\" content=\"Written by\" \/>\n\t<meta name=\"twitter:data1\" content=\"Magdalena \u0141anuszka\" \/>\n\t<meta name=\"twitter:label2\" content=\"Est. reading time\" \/>\n\t<meta name=\"twitter:data2\" content=\"2 minutes\" \/>\n<script type=\"application\/ld+json\" class=\"yoast-schema-graph\">{\"@context\":\"https:\/\/schema.org\",\"@graph\":[{\"@type\":\"Article\",\"@id\":\"https:\/\/herito.pl\/en\/ahice-en\/call-for-papers-preserving-memory-holocaust-monuments-and-memorials-in-central-europe-prague-17-18-september-2024\/#article\",\"isPartOf\":{\"@id\":\"https:\/\/herito.pl\/en\/ahice-en\/call-for-papers-preserving-memory-holocaust-monuments-and-memorials-in-central-europe-prague-17-18-september-2024\/\"},\"author\":{\"name\":\"Magdalena \u0141anuszka\",\"@id\":\"https:\/\/herito.pl\/#\/schema\/person\/f265009b8b2642661fe60e782e7fc3ca\"},\"headline\":\"Call for Papers: &#8220;Preserving Memory. Holocaust Monuments and Memorials in Central Europe&#8221; (Prague, 17\u201318 September 2024)\",\"datePublished\":\"2024-05-07T08:42:05+00:00\",\"dateModified\":\"2024-05-07T08:42:07+00:00\",\"mainEntityOfPage\":{\"@id\":\"https:\/\/herito.pl\/en\/ahice-en\/call-for-papers-preserving-memory-holocaust-monuments-and-memorials-in-central-europe-prague-17-18-september-2024\/\"},\"wordCount\":14,\"publisher\":{\"@id\":\"https:\/\/herito.pl\/#organization\"},\"image\":{\"@id\":\"https:\/\/herito.pl\/en\/ahice-en\/call-for-papers-preserving-memory-holocaust-monuments-and-memorials-in-central-europe-prague-17-18-september-2024\/#primaryimage\"},\"thumbnailUrl\":\"https:\/\/herito.pl\/wp-content\/uploads\/2024\/05\/748.jpg\",\"keywords\":[\"AHICE\",\"Central Europe\",\"CFP\",\"Conference\",\"Czechia\",\"Prague\"],\"articleSection\":[\"Art and Heritage in Central Europe\",\"Conferences\"],\"inLanguage\":\"en-US\"},{\"@type\":\"WebPage\",\"@id\":\"https:\/\/herito.pl\/en\/ahice-en\/call-for-papers-preserving-memory-holocaust-monuments-and-memorials-in-central-europe-prague-17-18-september-2024\/\",\"url\":\"https:\/\/herito.pl\/en\/ahice-en\/call-for-papers-preserving-memory-holocaust-monuments-and-memorials-in-central-europe-prague-17-18-september-2024\/\",\"name\":\"Call for Papers: \\\"Preserving Memory. Holocaust Monuments and Memorials in Central Europe\\\" (Prague, 17\u201318 September 2024) - herito\",\"isPartOf\":{\"@id\":\"https:\/\/herito.pl\/#website\"},\"primaryImageOfPage\":{\"@id\":\"https:\/\/herito.pl\/en\/ahice-en\/call-for-papers-preserving-memory-holocaust-monuments-and-memorials-in-central-europe-prague-17-18-september-2024\/#primaryimage\"},\"image\":{\"@id\":\"https:\/\/herito.pl\/en\/ahice-en\/call-for-papers-preserving-memory-holocaust-monuments-and-memorials-in-central-europe-prague-17-18-september-2024\/#primaryimage\"},\"thumbnailUrl\":\"https:\/\/herito.pl\/wp-content\/uploads\/2024\/05\/748.jpg\",\"datePublished\":\"2024-05-07T08:42:05+00:00\",\"dateModified\":\"2024-05-07T08:42:07+00:00\",\"description\":\"The conference is organised by the Institute of Art History of the Czech Academy of Sciences in cooperation with the National Heritage Institute (Czech Republic) and the Center for Jewish Art at the Hebrew University of Jerusalem (Israel).\",\"inLanguage\":\"en-US\",\"potentialAction\":[{\"@type\":\"ReadAction\",\"target\":[\"https:\/\/herito.pl\/en\/ahice-en\/call-for-papers-preserving-memory-holocaust-monuments-and-memorials-in-central-europe-prague-17-18-september-2024\/\"]}]},{\"@type\":\"ImageObject\",\"inLanguage\":\"en-US\",\"@id\":\"https:\/\/herito.pl\/en\/ahice-en\/call-for-papers-preserving-memory-holocaust-monuments-and-memorials-in-central-europe-prague-17-18-september-2024\/#primaryimage\",\"url\":\"https:\/\/herito.pl\/wp-content\/uploads\/2024\/05\/748.jpg\",\"contentUrl\":\"https:\/\/herito.pl\/wp-content\/uploads\/2024\/05\/748.jpg\",\"width\":1077,\"height\":1073},{\"@type\":\"WebSite\",\"@id\":\"https:\/\/herito.pl\/#website\",\"url\":\"https:\/\/herito.pl\/\",\"name\":\"herito\",\"description\":\"\",\"publisher\":{\"@id\":\"https:\/\/herito.pl\/#organization\"},\"potentialAction\":[{\"@type\":\"SearchAction\",\"target\":{\"@type\":\"EntryPoint\",\"urlTemplate\":\"https:\/\/herito.pl\/?s={search_term_string}\"},\"query-input\":{\"@type\":\"PropertyValueSpecification\",\"valueRequired\":true,\"valueName\":\"search_term_string\"}}],\"inLanguage\":\"en-US\"},{\"@type\":\"Organization\",\"@id\":\"https:\/\/herito.pl\/#organization\",\"name\":\"herito\",\"url\":\"https:\/\/herito.pl\/\",\"logo\":{\"@type\":\"ImageObject\",\"inLanguage\":\"en-US\",\"@id\":\"https:\/\/herito.pl\/#\/schema\/logo\/image\/\",\"url\":\"https:\/\/herito.pl\/wp-content\/uploads\/2025\/09\/cropped-herito-nowe-logo-web.png\",\"contentUrl\":\"https:\/\/herito.pl\/wp-content\/uploads\/2025\/09\/cropped-herito-nowe-logo-web.png\",\"width\":1000,\"height\":347,\"caption\":\"herito\"},\"image\":{\"@id\":\"https:\/\/herito.pl\/#\/schema\/logo\/image\/\"}},{\"@type\":\"Person\",\"@id\":\"https:\/\/herito.pl\/#\/schema\/person\/f265009b8b2642661fe60e782e7fc3ca\",\"name\":\"Magdalena \u0141anuszka\",\"image\":{\"@type\":\"ImageObject\",\"inLanguage\":\"en-US\",\"@id\":\"https:\/\/secure.gravatar.com\/avatar\/5dfaa877ecadbff416b3be0ff0ed22de3475561092679e6aac83c367ea8b158a?s=96&d=mm&r=g\",\"url\":\"https:\/\/secure.gravatar.com\/avatar\/5dfaa877ecadbff416b3be0ff0ed22de3475561092679e6aac83c367ea8b158a?s=96&d=mm&r=g\",\"contentUrl\":\"https:\/\/secure.gravatar.com\/avatar\/5dfaa877ecadbff416b3be0ff0ed22de3475561092679e6aac83c367ea8b158a?s=96&d=mm&r=g\",\"caption\":\"Magdalena \u0141anuszka\"},\"url\":\"https:\/\/herito.pl\/en\/author\/lanuszka\/\"}]}<\/script>\n<!-- \/ Yoast SEO plugin. -->","yoast_head_json":{"title":"Call for Papers: \"Preserving Memory. Holocaust Monuments and Memorials in Central Europe\" (Prague, 17\u201318 September 2024) - herito","description":"The conference is organised by the Institute of Art History of the Czech Academy of Sciences in cooperation with the National Heritage Institute (Czech Republic) and the Center for Jewish Art at the Hebrew University of Jerusalem (Israel).","robots":{"index":"index","follow":"follow","max-snippet":"max-snippet:-1","max-image-preview":"max-image-preview:large","max-video-preview":"max-video-preview:-1"},"canonical":"https:\/\/herito.pl\/en\/ahice-en\/call-for-papers-preserving-memory-holocaust-monuments-and-memorials-in-central-europe-prague-17-18-september-2024\/","og_locale":"en_US","og_type":"article","og_title":"Call for Papers: \"Preserving Memory. Holocaust Monuments and Memorials in Central Europe\" (Prague, 17\u201318 September 2024) - herito","og_description":"The conference is organised by the Institute of Art History of the Czech Academy of Sciences in cooperation with the National Heritage Institute (Czech Republic) and the Center for Jewish Art at the Hebrew University of Jerusalem (Israel).","og_url":"https:\/\/herito.pl\/en\/ahice-en\/call-for-papers-preserving-memory-holocaust-monuments-and-memorials-in-central-europe-prague-17-18-september-2024\/","og_site_name":"herito","article_published_time":"2024-05-07T08:42:05+00:00","article_modified_time":"2024-05-07T08:42:07+00:00","og_image":[{"width":1077,"height":1073,"url":"https:\/\/herito.pl\/wp-content\/uploads\/2024\/05\/748.jpg","type":"image\/jpeg"}],"author":"Magdalena \u0141anuszka","twitter_card":"summary_large_image","twitter_misc":{"Written by":"Magdalena \u0141anuszka","Est. reading time":"2 minutes"},"schema":{"@context":"https:\/\/schema.org","@graph":[{"@type":"Article","@id":"https:\/\/herito.pl\/en\/ahice-en\/call-for-papers-preserving-memory-holocaust-monuments-and-memorials-in-central-europe-prague-17-18-september-2024\/#article","isPartOf":{"@id":"https:\/\/herito.pl\/en\/ahice-en\/call-for-papers-preserving-memory-holocaust-monuments-and-memorials-in-central-europe-prague-17-18-september-2024\/"},"author":{"name":"Magdalena \u0141anuszka","@id":"https:\/\/herito.pl\/#\/schema\/person\/f265009b8b2642661fe60e782e7fc3ca"},"headline":"Call for Papers: &#8220;Preserving Memory. Holocaust Monuments and Memorials in Central Europe&#8221; (Prague, 17\u201318 September 2024)","datePublished":"2024-05-07T08:42:05+00:00","dateModified":"2024-05-07T08:42:07+00:00","mainEntityOfPage":{"@id":"https:\/\/herito.pl\/en\/ahice-en\/call-for-papers-preserving-memory-holocaust-monuments-and-memorials-in-central-europe-prague-17-18-september-2024\/"},"wordCount":14,"publisher":{"@id":"https:\/\/herito.pl\/#organization"},"image":{"@id":"https:\/\/herito.pl\/en\/ahice-en\/call-for-papers-preserving-memory-holocaust-monuments-and-memorials-in-central-europe-prague-17-18-september-2024\/#primaryimage"},"thumbnailUrl":"https:\/\/herito.pl\/wp-content\/uploads\/2024\/05\/748.jpg","keywords":["AHICE","Central Europe","CFP","Conference","Czechia","Prague"],"articleSection":["Art and Heritage in Central Europe","Conferences"],"inLanguage":"en-US"},{"@type":"WebPage","@id":"https:\/\/herito.pl\/en\/ahice-en\/call-for-papers-preserving-memory-holocaust-monuments-and-memorials-in-central-europe-prague-17-18-september-2024\/","url":"https:\/\/herito.pl\/en\/ahice-en\/call-for-papers-preserving-memory-holocaust-monuments-and-memorials-in-central-europe-prague-17-18-september-2024\/","name":"Call for Papers: \"Preserving Memory. Holocaust Monuments and Memorials in Central Europe\" (Prague, 17\u201318 September 2024) - herito","isPartOf":{"@id":"https:\/\/herito.pl\/#website"},"primaryImageOfPage":{"@id":"https:\/\/herito.pl\/en\/ahice-en\/call-for-papers-preserving-memory-holocaust-monuments-and-memorials-in-central-europe-prague-17-18-september-2024\/#primaryimage"},"image":{"@id":"https:\/\/herito.pl\/en\/ahice-en\/call-for-papers-preserving-memory-holocaust-monuments-and-memorials-in-central-europe-prague-17-18-september-2024\/#primaryimage"},"thumbnailUrl":"https:\/\/herito.pl\/wp-content\/uploads\/2024\/05\/748.jpg","datePublished":"2024-05-07T08:42:05+00:00","dateModified":"2024-05-07T08:42:07+00:00","description":"The conference is organised by the Institute of Art History of the Czech Academy of Sciences in cooperation with the National Heritage Institute (Czech Republic) and the Center for Jewish Art at the Hebrew University of Jerusalem (Israel).","inLanguage":"en-US","potentialAction":[{"@type":"ReadAction","target":["https:\/\/herito.pl\/en\/ahice-en\/call-for-papers-preserving-memory-holocaust-monuments-and-memorials-in-central-europe-prague-17-18-september-2024\/"]}]},{"@type":"ImageObject","inLanguage":"en-US","@id":"https:\/\/herito.pl\/en\/ahice-en\/call-for-papers-preserving-memory-holocaust-monuments-and-memorials-in-central-europe-prague-17-18-september-2024\/#primaryimage","url":"https:\/\/herito.pl\/wp-content\/uploads\/2024\/05\/748.jpg","contentUrl":"https:\/\/herito.pl\/wp-content\/uploads\/2024\/05\/748.jpg","width":1077,"height":1073},{"@type":"WebSite","@id":"https:\/\/herito.pl\/#website","url":"https:\/\/herito.pl\/","name":"herito","description":"","publisher":{"@id":"https:\/\/herito.pl\/#organization"},"potentialAction":[{"@type":"SearchAction","target":{"@type":"EntryPoint","urlTemplate":"https:\/\/herito.pl\/?s={search_term_string}"},"query-input":{"@type":"PropertyValueSpecification","valueRequired":true,"valueName":"search_term_string"}}],"inLanguage":"en-US"},{"@type":"Organization","@id":"https:\/\/herito.pl\/#organization","name":"herito","url":"https:\/\/herito.pl\/","logo":{"@type":"ImageObject","inLanguage":"en-US","@id":"https:\/\/herito.pl\/#\/schema\/logo\/image\/","url":"https:\/\/herito.pl\/wp-content\/uploads\/2025\/09\/cropped-herito-nowe-logo-web.png","contentUrl":"https:\/\/herito.pl\/wp-content\/uploads\/2025\/09\/cropped-herito-nowe-logo-web.png","width":1000,"height":347,"caption":"herito"},"image":{"@id":"https:\/\/herito.pl\/#\/schema\/logo\/image\/"}},{"@type":"Person","@id":"https:\/\/herito.pl\/#\/schema\/person\/f265009b8b2642661fe60e782e7fc3ca","name":"Magdalena \u0141anuszka","image":{"@type":"ImageObject","inLanguage":"en-US","@id":"https:\/\/secure.gravatar.com\/avatar\/5dfaa877ecadbff416b3be0ff0ed22de3475561092679e6aac83c367ea8b158a?s=96&d=mm&r=g","url":"https:\/\/secure.gravatar.com\/avatar\/5dfaa877ecadbff416b3be0ff0ed22de3475561092679e6aac83c367ea8b158a?s=96&d=mm&r=g","contentUrl":"https:\/\/secure.gravatar.com\/avatar\/5dfaa877ecadbff416b3be0ff0ed22de3475561092679e6aac83c367ea8b158a?s=96&d=mm&r=g","caption":"Magdalena \u0141anuszka"},"url":"https:\/\/herito.pl\/en\/author\/lanuszka\/"}]}},"_links":{"self":[{"href":"https:\/\/herito.pl\/en\/wp-json\/wp\/v2\/posts\/10325","targetHints":{"allow":["GET"]}}],"collection":[{"href":"https:\/\/herito.pl\/en\/wp-json\/wp\/v2\/posts"}],"about":[{"href":"https:\/\/herito.pl\/en\/wp-json\/wp\/v2\/types\/post"}],"author":[{"embeddable":true,"href":"https:\/\/herito.pl\/en\/wp-json\/wp\/v2\/users\/10"}],"replies":[{"embeddable":true,"href":"https:\/\/herito.pl\/en\/wp-json\/wp\/v2\/comments?post=10325"}],"version-history":[{"count":1,"href":"https:\/\/herito.pl\/en\/wp-json\/wp\/v2\/posts\/10325\/revisions"}],"predecessor-version":[{"id":10328,"href":"https:\/\/herito.pl\/en\/wp-json\/wp\/v2\/posts\/10325\/revisions\/10328"}],"wp:featuredmedia":[{"embeddable":true,"href":"https:\/\/herito.pl\/en\/wp-json\/wp\/v2\/media\/10326"}],"wp:attachment":[{"href":"https:\/\/herito.pl\/en\/wp-json\/wp\/v2\/media?parent=10325"}],"wp:term":[{"taxonomy":"category","embeddable":true,"href":"https:\/\/herito.pl\/en\/wp-json\/wp\/v2\/categories?post=10325"},{"taxonomy":"post_tag","embeddable":true,"href":"https:\/\/herito.pl\/en\/wp-json\/wp\/v2\/tags?post=10325"}],"curies":[{"name":"wp","href":"https:\/\/api.w.org\/{rel}","templated":true}]}}