{"id":2599,"date":"2021-10-14T10:14:19","date_gmt":"2021-10-14T08:14:19","guid":{"rendered":"http:\/\/herito.pl\/?p=2599"},"modified":"2023-12-03T18:34:44","modified_gmt":"2023-12-03T17:34:44","slug":"the-contemporary-art-fair-artvilnius21","status":"publish","type":"post","link":"https:\/\/herito.pl\/en\/exhibitions\/the-contemporary-art-fair-artvilnius21\/","title":{"rendered":"The Contemporary Art Fair ArtVilnius\u201921"},"content":{"rendered":"<section class=\"txtblock wow fadeIn\" data-wow-delay=\"0.2s\">\r\n    <div class=\"container\">\r\n        <div class=\"row\">\r\n            <div class=\"col-xl-8 offset-xl-2 col-lg-10 offset-lg-1\">\r\n        <h1 class=\"wow fadeInUp\" data-wow-delay=\"0.2s\">Art and Heritage in Central Europe<\/h1>            <div class=\"txt wow fadeInUp\" data-wow-delay=\"0.3s\"><p>ArtVilnius is the only contemporary art fair in Lithuania and the largest event of visual arts in Eastern Europe. ArtVilnius, which had its start in 2009, was one of the most important events in the Vilnius \u2013 European Capital of Culture project. Over the last ten years, the art fair has expanded and become firmly established on the local and international art scene, as well as on the list of must-visit events for art lovers.<br \/>\nThis is also confirmed by the statistics. Every year ArtVilnius has over 23,000 visitors, with about 65 art galleries from a dozen or so countries participating (Germany, Estonia, Latvia, Poland, Ukraine, Lithuania, Belarus, the Netherlands, Russia, Italy, France etc).<\/p>\n<p>Alongside the supplementary contemporary art galleries programme, a separate project zone is also organised in which various art institutions and individual artists present special exhibitions. ArtVilnius is particularly proud of having in past years presented some of the best-known Polish art institutions (the Museum of Contemporary Art in Krak\u00f3w MOCAK, the \u0141a\u017ania Centre for Contemporary Art in Gda\u0144sk) and a programme of contemporary video art by one of the oldest video art festivals in Europe VIDEONALE (Germany). A regular Fair\u2019s participant is the Estonian contemporary art platform NOAR that presents Nordic and Baltic Young Artist Award.<\/p>\n<p>More information: <a href=\"https:\/\/artvilnius.com\/\" target=\"_blank\" rel=\"noopener\"><span style=\"text-decoration: underline;\">https:\/\/artvilnius.com\/<\/span><\/a><\/p>\n<p>During 15\u201317 October the International ArtVilnius\u201921 will take place. This is the largest event of its kind in the Baltic countries. As in previous years, it is accompanied by a special exhibition programme, as part of which MOCAK has, for the sixth time, been invited to present an exhibition based on its Collection.<br \/>\nThe exhibition Nature as a Creative Material demonstrates the creative potential of nature.<br \/>\nArtists: Julius von Bismarck, Rolf Julius, Krzysztof Maniak, Ma\u0142gorzata Markiewicz, Teresa Murak, Beat Streuli<br \/>\nCurator: Monika Kozio\u0142<\/p>\n<p>More information: <a href=\"https:\/\/en.mocak.pl\/nature-as-a-creative-material-mocak-collection-in-vilnius-exhibition\" target=\"_blank\" rel=\"noopener\"><span style=\"text-decoration: underline;\">https:\/\/en.mocak.pl\/nature-as-a-creative-material-mocak-collection-in-vilnius-exhibition<\/span><\/a><\/p>\n<\/div>\r\n\r\n        <\/div>\r\n      <\/div>\r\n    <\/div>\r\n<\/section>\r\n","protected":false},"excerpt":{"rendered":"","protected":false},"author":10,"featured_media":2600,"comment_status":"closed","ping_status":"closed","sticky":false,"template":"","format":"standard","meta":{"_acf_changed":false,"inline_featured_image":false,"footnotes":""},"categories":[684,65],"tags":[685,318,319,1052],"class_list":["post-2599","post","type-post","status-publish","format-standard","has-post-thumbnail","hentry","category-ahice-en","category-exhibitions","tag-ahice","tag-artvilnius","tag-mocak","tag-wystawa-en"],"acf":[],"yoast_head":"<!-- This site is optimized with the Yoast SEO plugin v27.2 - https:\/\/yoast.com\/product\/yoast-seo-wordpress\/ -->\n<title>The Contemporary Art Fair ArtVilnius\u201921 - herito<\/title>\n<meta name=\"description\" content=\"ArtVilnius is the only contemporary art fair in Lithuania and the largest event of visual arts in Eastern Europe.\" \/>\n<meta name=\"robots\" content=\"index, follow, max-snippet:-1, max-image-preview:large, max-video-preview:-1\" \/>\n<link rel=\"canonical\" href=\"https:\/\/herito.pl\/en\/exhibitions\/the-contemporary-art-fair-artvilnius21\/\" \/>\n<meta property=\"og:locale\" content=\"en_US\" \/>\n<meta property=\"og:type\" content=\"article\" \/>\n<meta property=\"og:title\" content=\"The Contemporary Art Fair ArtVilnius\u201921 - herito\" \/>\n<meta property=\"og:description\" content=\"ArtVilnius is the only contemporary art fair in Lithuania and the largest event of visual arts in Eastern Europe.\" \/>\n<meta property=\"og:url\" content=\"https:\/\/herito.pl\/en\/exhibitions\/the-contemporary-art-fair-artvilnius21\/\" \/>\n<meta property=\"og:site_name\" content=\"herito\" \/>\n<meta property=\"article:published_time\" content=\"2021-10-14T08:14:19+00:00\" \/>\n<meta property=\"article:modified_time\" content=\"2023-12-03T17:34:44+00:00\" \/>\n<meta property=\"og:image\" content=\"https:\/\/herito.pl\/wp-content\/uploads\/2021\/10\/screenshot-2021-10-14-at-10.13.25.png\" \/>\n\t<meta property=\"og:image:width\" content=\"902\" \/>\n\t<meta property=\"og:image:height\" content=\"584\" \/>\n\t<meta property=\"og:image:type\" content=\"image\/png\" \/>\n<meta name=\"author\" content=\"Magdalena \u0141anuszka\" \/>\n<meta name=\"twitter:card\" content=\"summary_large_image\" \/>\n<meta name=\"twitter:label1\" content=\"Written by\" \/>\n\t<meta name=\"twitter:data1\" content=\"Magdalena \u0141anuszka\" \/>\n<script type=\"application\/ld+json\" class=\"yoast-schema-graph\">{\"@context\":\"https:\/\/schema.org\",\"@graph\":[{\"@type\":\"Article\",\"@id\":\"https:\/\/herito.pl\/en\/exhibitions\/the-contemporary-art-fair-artvilnius21\/#article\",\"isPartOf\":{\"@id\":\"https:\/\/herito.pl\/en\/exhibitions\/the-contemporary-art-fair-artvilnius21\/\"},\"author\":{\"name\":\"Magdalena \u0141anuszka\",\"@id\":\"https:\/\/herito.pl\/#\/schema\/person\/f265009b8b2642661fe60e782e7fc3ca\"},\"headline\":\"The Contemporary Art Fair ArtVilnius\u201921\",\"datePublished\":\"2021-10-14T08:14:19+00:00\",\"dateModified\":\"2023-12-03T17:34:44+00:00\",\"mainEntityOfPage\":{\"@id\":\"https:\/\/herito.pl\/en\/exhibitions\/the-contemporary-art-fair-artvilnius21\/\"},\"wordCount\":5,\"publisher\":{\"@id\":\"https:\/\/herito.pl\/#organization\"},\"image\":{\"@id\":\"https:\/\/herito.pl\/en\/exhibitions\/the-contemporary-art-fair-artvilnius21\/#primaryimage\"},\"thumbnailUrl\":\"https:\/\/herito.pl\/wp-content\/uploads\/2021\/10\/screenshot-2021-10-14-at-10.13.25.png\",\"keywords\":[\"AHICE\",\"ArtVilnius\",\"MOCAK\",\"Wystawa\"],\"articleSection\":[\"Art and Heritage in Central Europe\",\"Exhibitions\"],\"inLanguage\":\"en-US\"},{\"@type\":\"WebPage\",\"@id\":\"https:\/\/herito.pl\/en\/exhibitions\/the-contemporary-art-fair-artvilnius21\/\",\"url\":\"https:\/\/herito.pl\/en\/exhibitions\/the-contemporary-art-fair-artvilnius21\/\",\"name\":\"The Contemporary Art Fair ArtVilnius\u201921 - herito\",\"isPartOf\":{\"@id\":\"https:\/\/herito.pl\/#website\"},\"primaryImageOfPage\":{\"@id\":\"https:\/\/herito.pl\/en\/exhibitions\/the-contemporary-art-fair-artvilnius21\/#primaryimage\"},\"image\":{\"@id\":\"https:\/\/herito.pl\/en\/exhibitions\/the-contemporary-art-fair-artvilnius21\/#primaryimage\"},\"thumbnailUrl\":\"https:\/\/herito.pl\/wp-content\/uploads\/2021\/10\/screenshot-2021-10-14-at-10.13.25.png\",\"datePublished\":\"2021-10-14T08:14:19+00:00\",\"dateModified\":\"2023-12-03T17:34:44+00:00\",\"description\":\"ArtVilnius is the only contemporary art fair in Lithuania and the largest event of visual arts in Eastern Europe.\",\"inLanguage\":\"en-US\",\"potentialAction\":[{\"@type\":\"ReadAction\",\"target\":[\"https:\/\/herito.pl\/en\/exhibitions\/the-contemporary-art-fair-artvilnius21\/\"]}]},{\"@type\":\"ImageObject\",\"inLanguage\":\"en-US\",\"@id\":\"https:\/\/herito.pl\/en\/exhibitions\/the-contemporary-art-fair-artvilnius21\/#primaryimage\",\"url\":\"https:\/\/herito.pl\/wp-content\/uploads\/2021\/10\/screenshot-2021-10-14-at-10.13.25.png\",\"contentUrl\":\"https:\/\/herito.pl\/wp-content\/uploads\/2021\/10\/screenshot-2021-10-14-at-10.13.25.png\",\"width\":902,\"height\":584},{\"@type\":\"WebSite\",\"@id\":\"https:\/\/herito.pl\/#website\",\"url\":\"https:\/\/herito.pl\/\",\"name\":\"herito\",\"description\":\"\",\"publisher\":{\"@id\":\"https:\/\/herito.pl\/#organization\"},\"potentialAction\":[{\"@type\":\"SearchAction\",\"target\":{\"@type\":\"EntryPoint\",\"urlTemplate\":\"https:\/\/herito.pl\/?s={search_term_string}\"},\"query-input\":{\"@type\":\"PropertyValueSpecification\",\"valueRequired\":true,\"valueName\":\"search_term_string\"}}],\"inLanguage\":\"en-US\"},{\"@type\":\"Organization\",\"@id\":\"https:\/\/herito.pl\/#organization\",\"name\":\"herito\",\"url\":\"https:\/\/herito.pl\/\",\"logo\":{\"@type\":\"ImageObject\",\"inLanguage\":\"en-US\",\"@id\":\"https:\/\/herito.pl\/#\/schema\/logo\/image\/\",\"url\":\"https:\/\/herito.pl\/wp-content\/uploads\/2025\/09\/cropped-herito-nowe-logo-web.png\",\"contentUrl\":\"https:\/\/herito.pl\/wp-content\/uploads\/2025\/09\/cropped-herito-nowe-logo-web.png\",\"width\":1000,\"height\":347,\"caption\":\"herito\"},\"image\":{\"@id\":\"https:\/\/herito.pl\/#\/schema\/logo\/image\/\"}},{\"@type\":\"Person\",\"@id\":\"https:\/\/herito.pl\/#\/schema\/person\/f265009b8b2642661fe60e782e7fc3ca\",\"name\":\"Magdalena \u0141anuszka\",\"image\":{\"@type\":\"ImageObject\",\"inLanguage\":\"en-US\",\"@id\":\"https:\/\/secure.gravatar.com\/avatar\/5dfaa877ecadbff416b3be0ff0ed22de3475561092679e6aac83c367ea8b158a?s=96&d=mm&r=g\",\"url\":\"https:\/\/secure.gravatar.com\/avatar\/5dfaa877ecadbff416b3be0ff0ed22de3475561092679e6aac83c367ea8b158a?s=96&d=mm&r=g\",\"contentUrl\":\"https:\/\/secure.gravatar.com\/avatar\/5dfaa877ecadbff416b3be0ff0ed22de3475561092679e6aac83c367ea8b158a?s=96&d=mm&r=g\",\"caption\":\"Magdalena \u0141anuszka\"},\"url\":\"https:\/\/herito.pl\/en\/author\/lanuszka\/\"}]}<\/script>\n<!-- \/ Yoast SEO plugin. -->","yoast_head_json":{"title":"The Contemporary Art Fair ArtVilnius\u201921 - herito","description":"ArtVilnius is the only contemporary art fair in Lithuania and the largest event of visual arts in Eastern Europe.","robots":{"index":"index","follow":"follow","max-snippet":"max-snippet:-1","max-image-preview":"max-image-preview:large","max-video-preview":"max-video-preview:-1"},"canonical":"https:\/\/herito.pl\/en\/exhibitions\/the-contemporary-art-fair-artvilnius21\/","og_locale":"en_US","og_type":"article","og_title":"The Contemporary Art Fair ArtVilnius\u201921 - herito","og_description":"ArtVilnius is the only contemporary art fair in Lithuania and the largest event of visual arts in Eastern Europe.","og_url":"https:\/\/herito.pl\/en\/exhibitions\/the-contemporary-art-fair-artvilnius21\/","og_site_name":"herito","article_published_time":"2021-10-14T08:14:19+00:00","article_modified_time":"2023-12-03T17:34:44+00:00","og_image":[{"width":902,"height":584,"url":"https:\/\/herito.pl\/wp-content\/uploads\/2021\/10\/screenshot-2021-10-14-at-10.13.25.png","type":"image\/png"}],"author":"Magdalena \u0141anuszka","twitter_card":"summary_large_image","twitter_misc":{"Written by":"Magdalena \u0141anuszka"},"schema":{"@context":"https:\/\/schema.org","@graph":[{"@type":"Article","@id":"https:\/\/herito.pl\/en\/exhibitions\/the-contemporary-art-fair-artvilnius21\/#article","isPartOf":{"@id":"https:\/\/herito.pl\/en\/exhibitions\/the-contemporary-art-fair-artvilnius21\/"},"author":{"name":"Magdalena \u0141anuszka","@id":"https:\/\/herito.pl\/#\/schema\/person\/f265009b8b2642661fe60e782e7fc3ca"},"headline":"The Contemporary Art Fair ArtVilnius\u201921","datePublished":"2021-10-14T08:14:19+00:00","dateModified":"2023-12-03T17:34:44+00:00","mainEntityOfPage":{"@id":"https:\/\/herito.pl\/en\/exhibitions\/the-contemporary-art-fair-artvilnius21\/"},"wordCount":5,"publisher":{"@id":"https:\/\/herito.pl\/#organization"},"image":{"@id":"https:\/\/herito.pl\/en\/exhibitions\/the-contemporary-art-fair-artvilnius21\/#primaryimage"},"thumbnailUrl":"https:\/\/herito.pl\/wp-content\/uploads\/2021\/10\/screenshot-2021-10-14-at-10.13.25.png","keywords":["AHICE","ArtVilnius","MOCAK","Wystawa"],"articleSection":["Art and Heritage in Central Europe","Exhibitions"],"inLanguage":"en-US"},{"@type":"WebPage","@id":"https:\/\/herito.pl\/en\/exhibitions\/the-contemporary-art-fair-artvilnius21\/","url":"https:\/\/herito.pl\/en\/exhibitions\/the-contemporary-art-fair-artvilnius21\/","name":"The Contemporary Art Fair ArtVilnius\u201921 - herito","isPartOf":{"@id":"https:\/\/herito.pl\/#website"},"primaryImageOfPage":{"@id":"https:\/\/herito.pl\/en\/exhibitions\/the-contemporary-art-fair-artvilnius21\/#primaryimage"},"image":{"@id":"https:\/\/herito.pl\/en\/exhibitions\/the-contemporary-art-fair-artvilnius21\/#primaryimage"},"thumbnailUrl":"https:\/\/herito.pl\/wp-content\/uploads\/2021\/10\/screenshot-2021-10-14-at-10.13.25.png","datePublished":"2021-10-14T08:14:19+00:00","dateModified":"2023-12-03T17:34:44+00:00","description":"ArtVilnius is the only contemporary art fair in Lithuania and the largest event of visual arts in Eastern Europe.","inLanguage":"en-US","potentialAction":[{"@type":"ReadAction","target":["https:\/\/herito.pl\/en\/exhibitions\/the-contemporary-art-fair-artvilnius21\/"]}]},{"@type":"ImageObject","inLanguage":"en-US","@id":"https:\/\/herito.pl\/en\/exhibitions\/the-contemporary-art-fair-artvilnius21\/#primaryimage","url":"https:\/\/herito.pl\/wp-content\/uploads\/2021\/10\/screenshot-2021-10-14-at-10.13.25.png","contentUrl":"https:\/\/herito.pl\/wp-content\/uploads\/2021\/10\/screenshot-2021-10-14-at-10.13.25.png","width":902,"height":584},{"@type":"WebSite","@id":"https:\/\/herito.pl\/#website","url":"https:\/\/herito.pl\/","name":"herito","description":"","publisher":{"@id":"https:\/\/herito.pl\/#organization"},"potentialAction":[{"@type":"SearchAction","target":{"@type":"EntryPoint","urlTemplate":"https:\/\/herito.pl\/?s={search_term_string}"},"query-input":{"@type":"PropertyValueSpecification","valueRequired":true,"valueName":"search_term_string"}}],"inLanguage":"en-US"},{"@type":"Organization","@id":"https:\/\/herito.pl\/#organization","name":"herito","url":"https:\/\/herito.pl\/","logo":{"@type":"ImageObject","inLanguage":"en-US","@id":"https:\/\/herito.pl\/#\/schema\/logo\/image\/","url":"https:\/\/herito.pl\/wp-content\/uploads\/2025\/09\/cropped-herito-nowe-logo-web.png","contentUrl":"https:\/\/herito.pl\/wp-content\/uploads\/2025\/09\/cropped-herito-nowe-logo-web.png","width":1000,"height":347,"caption":"herito"},"image":{"@id":"https:\/\/herito.pl\/#\/schema\/logo\/image\/"}},{"@type":"Person","@id":"https:\/\/herito.pl\/#\/schema\/person\/f265009b8b2642661fe60e782e7fc3ca","name":"Magdalena \u0141anuszka","image":{"@type":"ImageObject","inLanguage":"en-US","@id":"https:\/\/secure.gravatar.com\/avatar\/5dfaa877ecadbff416b3be0ff0ed22de3475561092679e6aac83c367ea8b158a?s=96&d=mm&r=g","url":"https:\/\/secure.gravatar.com\/avatar\/5dfaa877ecadbff416b3be0ff0ed22de3475561092679e6aac83c367ea8b158a?s=96&d=mm&r=g","contentUrl":"https:\/\/secure.gravatar.com\/avatar\/5dfaa877ecadbff416b3be0ff0ed22de3475561092679e6aac83c367ea8b158a?s=96&d=mm&r=g","caption":"Magdalena \u0141anuszka"},"url":"https:\/\/herito.pl\/en\/author\/lanuszka\/"}]}},"_links":{"self":[{"href":"https:\/\/herito.pl\/en\/wp-json\/wp\/v2\/posts\/2599","targetHints":{"allow":["GET"]}}],"collection":[{"href":"https:\/\/herito.pl\/en\/wp-json\/wp\/v2\/posts"}],"about":[{"href":"https:\/\/herito.pl\/en\/wp-json\/wp\/v2\/types\/post"}],"author":[{"embeddable":true,"href":"https:\/\/herito.pl\/en\/wp-json\/wp\/v2\/users\/10"}],"replies":[{"embeddable":true,"href":"https:\/\/herito.pl\/en\/wp-json\/wp\/v2\/comments?post=2599"}],"version-history":[{"count":1,"href":"https:\/\/herito.pl\/en\/wp-json\/wp\/v2\/posts\/2599\/revisions"}],"predecessor-version":[{"id":9768,"href":"https:\/\/herito.pl\/en\/wp-json\/wp\/v2\/posts\/2599\/revisions\/9768"}],"wp:featuredmedia":[{"embeddable":true,"href":"https:\/\/herito.pl\/en\/wp-json\/wp\/v2\/media\/2600"}],"wp:attachment":[{"href":"https:\/\/herito.pl\/en\/wp-json\/wp\/v2\/media?parent=2599"}],"wp:term":[{"taxonomy":"category","embeddable":true,"href":"https:\/\/herito.pl\/en\/wp-json\/wp\/v2\/categories?post=2599"},{"taxonomy":"post_tag","embeddable":true,"href":"https:\/\/herito.pl\/en\/wp-json\/wp\/v2\/tags?post=2599"}],"curies":[{"name":"wp","href":"https:\/\/api.w.org\/{rel}","templated":true}]}}